{"id":3422,"date":"2025-12-27T17:28:43","date_gmt":"2025-12-27T22:28:43","guid":{"rendered":"https:\/\/legaldelta.com\/los-camelidos-sudamericanos-en-perspectiva-desde-las-ciencias-sociales\/"},"modified":"2026-01-20T17:28:48","modified_gmt":"2026-01-20T22:28:48","slug":"michiq-video-del-webinar-sobre-camelidos-sudamericanos-en-perspectiva-desde-las-ciencias-sociales","status":"publish","type":"post","link":"https:\/\/legaldelta.com\/en\/michiq-video-del-webinar-sobre-camelidos-sudamericanos-en-perspectiva-desde-las-ciencias-sociales\/","title":{"rendered":"Michiq. Video del webinar sobre cam\u00e9lidos sudamericanos en perspectiva desde las Ciencias Sociales"},"content":{"rendered":"\n<p>Compartimos el video del webinar \u201cLos cam\u00e9lidos sudamericanos en perspectiva desde las Ciencias Sociales\u201d, realizado el 21 de noviembre de 2025, en el que destacados especialistas de Per\u00fa y Francia presentaron los hallazgos de diversos trabajos que vienen realizando.<\/p>\n\n<p>Entre dichas exposiciones, Elmer Segura expuso los resultados de la parte antropol\u00f3gica de la investigaci\u00f3n sobre la realidad actual de las caravanas de llamas cargueras para realizar trueque de productos en Huancavelica, un proyecto auspiciado por Michiq. Dicho proyecto tambi\u00e9n incluye un componente veterinario, a cargo de Hugo Castillo, moderador del evento.<\/p>\n\n<p>Este webinar destaca la relevancia estrat\u00e9gica del pastoralismo y de los pastizales a escala global, en el marco del A\u00f1o Internacional de Pastizales y Pastores (AIPR o IYRP) 2026, impulsado por la Alianza Global IYRP y la <a href=\"https:\/\/it.linkedin.com\/company\/fao?trk=public_post-text\" target=\"_blank\" rel=\"noopener\">FAO<\/a>. El IYRP busca que la importancia econ\u00f3mica, ambiental y social de los pastizales y de los pastores, como sus custodios, se reconozca, recompense, salvaguarde y proteja. Los pastizales son esenciales para apoyar los medios de vida y la resiliencia socioecol\u00f3gica de cientos de millones de personas, conservar la diversidad biocultural, restaurar las tierras degradadas, promover sistemas alimentarios sostenibles e impulsar la acci\u00f3n clim\u00e1tica. Para m\u00e1s informaci\u00f3n sobre el IYRP, ver su p\u00e1gina web: <a href=\"https:\/\/www.linkedin.com\/redir\/redirect?url=https%3A%2F%2Fiyrp%2Einfo%2F&amp;urlhash=TMMK&amp;trk=public_post-text\" target=\"_blank\" rel=\"noopener\">https:\/\/iyrp.info\/<\/a><\/p>\n\n<p>Conoce m\u00e1s sobre la labor de Michiq en: <a href=\"https:\/\/www.linkedin.com\/redir\/redirect?url=https%3A%2F%2Fwww%2Emichiq%2Ecom&amp;urlhash=bg0G&amp;trk=public_post-text\" target=\"_blank\" rel=\"noopener\">https:\/\/www.michiq.com<\/a><\/p>\n\n<p>Revisa el art\u00edculo completo en: <a href=\"https:\/\/es.linkedin.com\/posts\/michiq_coloquio-los-cam%C3%A9lidos-sudamericanos-activity-7410811950496088064-IpJM\" target=\"_blank\" rel=\"noopener\">https:\/\/es.linkedin.com\/posts\/michiq_coloquio-los-cam%C3%A9lidos-sudamericanos-activity-7410811950496088064-IpJM<\/a><\/p>\n\n<p><a href=\"https:\/\/www.linkedin.com\/signup\/cold-join?session_redirect=https%3A%2F%2Fwww.linkedin.com%2Ffeed%2Fhashtag%2FaAeHointernacionaldepastizalesypastores&amp;trk=public_post-text\" target=\"_blank\" rel=\"noopener\">#A\u00f1oInternacionaldePastizalesyPastores<\/a> <a href=\"https:\/\/www.linkedin.com\/signup\/cold-join?session_redirect=https%3A%2F%2Fwww.linkedin.com%2Ffeed%2Fhashtag%2Fiyrp&amp;trk=public_post-text\" target=\"_blank\" rel=\"noopener\">#IYRP<\/a> <a href=\"https:\/\/www.linkedin.com\/signup\/cold-join?session_redirect=https%3A%2F%2Fwww.linkedin.com%2Ffeed%2Fhashtag%2Fmichiq&amp;trk=public_post-text\" target=\"_blank\" rel=\"noopener\">#Michiq<\/a> <a href=\"https:\/\/www.linkedin.com\/signup\/cold-join?session_redirect=https%3A%2F%2Fwww.linkedin.com%2Ffeed%2Fhashtag%2Flegaldelta&amp;trk=public_post-text\" target=\"_blank\" rel=\"noopener\">#LegalDelta<\/a> <a href=\"https:\/\/www.linkedin.com\/signup\/cold-join?session_redirect=https%3A%2F%2Fwww.linkedin.com%2Ffeed%2Fhashtag%2Fculturaparatodos&amp;trk=public_post-text\" target=\"_blank\" rel=\"noopener\">#CulturaParaTodos<\/a> <a href=\"https:\/\/www.linkedin.com\/signup\/cold-join?session_redirect=https%3A%2F%2Fwww.linkedin.com%2Ffeed%2Fhashtag%2Fimpactosocial&amp;trk=public_post-text\" target=\"_blank\" rel=\"noopener\">#ImpactoSocial<\/a> <a href=\"https:\/\/www.linkedin.com\/signup\/cold-join?session_redirect=https%3A%2F%2Fwww.linkedin.com%2Ffeed%2Fhashtag%2FinvestigaciAeJnandina&amp;trk=public_post-text\" target=\"_blank\" rel=\"noopener\">#Investigaci\u00f3nAndina<\/a> <a href=\"https:\/\/www.linkedin.com\/signup\/cold-join?session_redirect=https%3A%2F%2Fwww.linkedin.com%2Ffeed%2Fhashtag%2FcamAezlidossudamericanos&amp;trk=public_post-text\" target=\"_blank\" rel=\"noopener\">#Cam\u00e9lidosSudamericanos<\/a><\/p>\n","protected":false},"excerpt":{"rendered":"<p>Compartimos el video del webinar \u201cLos cam\u00e9lidos sudamericanos en perspectiva desde las Ciencias Sociales\u201d, realizado el 21 de noviembre de 2025, en el que destacados especialistas de Per\u00fa y Francia presentaron los hallazgos de diversos trabajos que vienen realizando. Entre dichas exposiciones, Elmer Segura expuso los resultados de la parte antropol\u00f3gica de la investigaci\u00f3n sobre [&hellip;]<\/p>\n","protected":false},"author":8,"featured_media":3421,"comment_status":"closed","ping_status":"closed","sticky":false,"template":"","format":"standard","meta":{"footnotes":""},"categories":[16],"tags":[],"class_list":["post-3422","post","type-post","status-publish","format-standard","has-post-thumbnail","hentry","category-publications"],"_links":{"self":[{"href":"https:\/\/legaldelta.com\/en\/wp-json\/wp\/v2\/posts\/3422","targetHints":{"allow":["GET"]}}],"collection":[{"href":"https:\/\/legaldelta.com\/en\/wp-json\/wp\/v2\/posts"}],"about":[{"href":"https:\/\/legaldelta.com\/en\/wp-json\/wp\/v2\/types\/post"}],"author":[{"embeddable":true,"href":"https:\/\/legaldelta.com\/en\/wp-json\/wp\/v2\/users\/8"}],"replies":[{"embeddable":true,"href":"https:\/\/legaldelta.com\/en\/wp-json\/wp\/v2\/comments?post=3422"}],"version-history":[{"count":5,"href":"https:\/\/legaldelta.com\/en\/wp-json\/wp\/v2\/posts\/3422\/revisions"}],"predecessor-version":[{"id":3793,"href":"https:\/\/legaldelta.com\/en\/wp-json\/wp\/v2\/posts\/3422\/revisions\/3793"}],"wp:featuredmedia":[{"embeddable":true,"href":"https:\/\/legaldelta.com\/en\/wp-json\/wp\/v2\/media\/3421"}],"wp:attachment":[{"href":"https:\/\/legaldelta.com\/en\/wp-json\/wp\/v2\/media?parent=3422"}],"wp:term":[{"taxonomy":"category","embeddable":true,"href":"https:\/\/legaldelta.com\/en\/wp-json\/wp\/v2\/categories?post=3422"},{"taxonomy":"post_tag","embeddable":true,"href":"https:\/\/legaldelta.com\/en\/wp-json\/wp\/v2\/tags?post=3422"}],"curies":[{"name":"wp","href":"https:\/\/api.w.org\/{rel}","templated":true}]}}