{"id":3493,"date":"2020-08-20T17:19:00","date_gmt":"2020-08-20T22:19:00","guid":{"rendered":"https:\/\/legaldelta.com\/publicacion-de-eric-franco-fciarb-msc-14\/"},"modified":"2026-01-21T10:52:47","modified_gmt":"2026-01-21T15:52:47","slug":"panel-sobre-la-aplicacion-del-enfoque-colaborativo-en-proyectos-de-construccion","status":"publish","type":"post","link":"https:\/\/legaldelta.com\/en\/panel-sobre-la-aplicacion-del-enfoque-colaborativo-en-proyectos-de-construccion\/","title":{"rendered":"Panel sobre la aplicaci\u00f3n del enfoque colaborativo en proyectos de construcci\u00f3n"},"content":{"rendered":"\n<p>Comparto el v\u00eddeo de un interesante panel en el que se debati\u00f3 sobre la aplicaci\u00f3n del <a href=\"https:\/\/www.linkedin.com\/signup\/cold-join?session_redirect=https%3A%2F%2Fwww.linkedin.com%2Ffeed%2Fhashtag%2Fenfoquecolaborativo&amp;trk=public_post-text\" target=\"_blank\" rel=\"noopener\">#enfoquecolaborativo<\/a> en <a href=\"https:\/\/www.linkedin.com\/signup\/cold-join?session_redirect=https%3A%2F%2Fwww.linkedin.com%2Ffeed%2Fhashtag%2FproyectosdeconstrucciAeJn&amp;trk=public_post-text\" target=\"_blank\" rel=\"noopener\">#proyectosdeconstrucci\u00f3n<\/a>. Mi participaci\u00f3n se centr\u00f3 en entender el <a href=\"https:\/\/www.linkedin.com\/signup\/cold-join?session_redirect=https%3A%2F%2Fwww.linkedin.com%2Ffeed%2Fhashtag%2Fcontrato&amp;trk=public_post-text\" target=\"_blank\" rel=\"noopener\">#contrato<\/a> como una herramienta para facilitar el <a href=\"https:\/\/www.linkedin.com\/signup\/cold-join?session_redirect=https%3A%2F%2Fwww.linkedin.com%2Ffeed%2Fhashtag%2Ftrabajoenequipo&amp;trk=public_post-text\" target=\"_blank\" rel=\"noopener\">#trabajoenequipo<\/a>.<\/p>\n\n<p>Fue un placer compartir el panel con <a href=\"https:\/\/cl.linkedin.com\/in\/marcela-radovic-c-b523497?trk=public_post-text\" target=\"_blank\" rel=\"noopener\">MARCELA RADOVIC C.<\/a>, <a href=\"https:\/\/cl.linkedin.com\/in\/fabiolagarciawaak?trk=public_post-text\" target=\"_blank\" rel=\"noopener\">Fabiola Garc\u00eda Waak<\/a> y <a href=\"https:\/\/es.linkedin.com\/in\/ana-armesto?trk=public_post-text\" target=\"_blank\" rel=\"noopener\">Ana Armesto<\/a>. Agradezco a <a href=\"https:\/\/cr.linkedin.com\/company\/aldec-la?trk=public_post-text\" target=\"_blank\" rel=\"noopener\">ALDEC<\/a> por la invitaci\u00f3n.<\/p>\n\n<p><a href=\"https:\/\/www.linkedin.com\/signup\/cold-join?session_redirect=https%3A%2F%2Fwww.linkedin.com%2Ffeed%2Fhashtag%2FderechodelaconstrucciAeJn&amp;trk=public_post-text\" target=\"_blank\" rel=\"noopener\">#derechodelaconstrucci\u00f3n<\/a>, <a href=\"https:\/\/www.linkedin.com\/signup\/cold-join?session_redirect=https%3A%2F%2Fwww.linkedin.com%2Ffeed%2Fhashtag%2FcolaboraciAeJn&amp;trk=public_post-text\" target=\"_blank\" rel=\"noopener\">#colaboraci\u00f3n<\/a>, <a href=\"https:\/\/www.linkedin.com\/signup\/cold-join?session_redirect=https%3A%2F%2Fwww.linkedin.com%2Ffeed%2Fhashtag%2Ftrabajoenequipo&amp;trk=public_post-text\" target=\"_blank\" rel=\"noopener\">#trabajoenequipo<\/a><\/p>\n\n<figure class=\"wp-block-embed is-type-video is-provider-youtube wp-block-embed-youtube wp-embed-aspect-16-9 wp-has-aspect-ratio\"><div class=\"wp-block-embed__wrapper\">\r\n<iframe title=\"IV Panel Congreso Latinoamericano de Derecho de la Construcci\u00f3n\" width=\"800\" height=\"450\" src=\"https:\/\/www.youtube.com\/embed\/wTaUefaICtc?feature=oembed\" frameborder=\"0\" allow=\"accelerometer; autoplay; clipboard-write; encrypted-media; gyroscope; picture-in-picture; web-share\" referrerpolicy=\"strict-origin-when-cross-origin\" allowfullscreen><\/iframe>\r\n<\/div><\/figure><br>\n","protected":false},"excerpt":{"rendered":"<p>Comparto el v\u00eddeo de un interesante panel en el que se debati\u00f3 sobre la aplicaci\u00f3n del #enfoquecolaborativo en #proyectosdeconstrucci\u00f3n. Mi participaci\u00f3n se centr\u00f3 en entender el #contrato como una herramienta para facilitar el #trabajoenequipo. Fue un placer compartir el panel con MARCELA RADOVIC C., Fabiola Garc\u00eda Waak y Ana Armesto. Agradezco a ALDEC por la [&hellip;]<\/p>\n","protected":false},"author":8,"featured_media":3375,"comment_status":"closed","ping_status":"open","sticky":false,"template":"","format":"standard","meta":{"footnotes":""},"categories":[16],"tags":[],"class_list":["post-3493","post","type-post","status-publish","format-standard","has-post-thumbnail","hentry","category-publications"],"_links":{"self":[{"href":"https:\/\/legaldelta.com\/en\/wp-json\/wp\/v2\/posts\/3493","targetHints":{"allow":["GET"]}}],"collection":[{"href":"https:\/\/legaldelta.com\/en\/wp-json\/wp\/v2\/posts"}],"about":[{"href":"https:\/\/legaldelta.com\/en\/wp-json\/wp\/v2\/types\/post"}],"author":[{"embeddable":true,"href":"https:\/\/legaldelta.com\/en\/wp-json\/wp\/v2\/users\/8"}],"replies":[{"embeddable":true,"href":"https:\/\/legaldelta.com\/en\/wp-json\/wp\/v2\/comments?post=3493"}],"version-history":[{"count":5,"href":"https:\/\/legaldelta.com\/en\/wp-json\/wp\/v2\/posts\/3493\/revisions"}],"predecessor-version":[{"id":3817,"href":"https:\/\/legaldelta.com\/en\/wp-json\/wp\/v2\/posts\/3493\/revisions\/3817"}],"wp:featuredmedia":[{"embeddable":true,"href":"https:\/\/legaldelta.com\/en\/wp-json\/wp\/v2\/media\/3375"}],"wp:attachment":[{"href":"https:\/\/legaldelta.com\/en\/wp-json\/wp\/v2\/media?parent=3493"}],"wp:term":[{"taxonomy":"category","embeddable":true,"href":"https:\/\/legaldelta.com\/en\/wp-json\/wp\/v2\/categories?post=3493"},{"taxonomy":"post_tag","embeddable":true,"href":"https:\/\/legaldelta.com\/en\/wp-json\/wp\/v2\/tags?post=3493"}],"curies":[{"name":"wp","href":"https:\/\/api.w.org\/{rel}","templated":true}]}}